{"id":424,"date":"2025-03-06T13:50:33","date_gmt":"2025-03-06T13:50:33","guid":{"rendered":"https:\/\/cafesforondablogold.local\/?p=424"},"modified":"2026-04-09T19:31:32","modified_gmt":"2026-04-09T17:31:32","slug":"los-mejores-regalos-para-cafeteros","status":"publish","type":"post","link":"https:\/\/www.cafesforonda.com\/blog\/los-mejores-regalos-para-cafeteros\/","title":{"rendered":"Los mejores regalos para cafeteros"},"content":{"rendered":"\n<p>Regalar <strong>caf\u00e9s de especialidad<\/strong> es regalar experiencias \u00fanicas. Ahora que las\nvivencias exclusivas est\u00e1n mejor valoradas que nunca, un caf\u00e9 \u00fanico y singular\nrepresenta una excelente opci\u00f3n para que las personas amantes del caf\u00e9\ndisfruten de una experiencia sensorial&nbsp;\ndiferente y un toque personalizado. <\/p>\n\n\n\n<h2 class=\"wp-block-heading has-text-color\" style=\"color:#c89210\"><strong>Cinco razones por las que un caf\u00e9 de especialidad es un regalo ideal<\/strong><\/h2>\n\n\n\n<p>1.\n<strong>Experiencia sensorial \u00fanica<\/strong>: Los <strong>caf\u00e9s especiales<\/strong> ofrecen perfiles de\nsabor distintos, con notas que pueden ir desde frutales y florales hasta\nachocolatadas y especiadas. Esto permite explorar y disfrutar nuevas\nexperiencias gustativas.<\/p>\n\n\n\n<p>&nbsp;2. <strong>Exclusividad y calidad superior<\/strong>: Los <strong>caf\u00e9s de especialidad<\/strong> est\u00e1n cultivados en condiciones \u00f3ptimas, con procesos de selecci\u00f3n rigurosos que garantizan granos de alta calidad. Muchos provienen de microlotes o ediciones limitadas, lo que los hace a\u00fan m\u00e1s exclusivos.<\/p>\n\n\n\n<p>3.\n<strong>Viaje a trav\u00e9s de los or\u00edgenes<\/strong>: Cada\ncaf\u00e9 tiene una historia detr\u00e1s, un pa\u00eds de origen, una familia agricultora, un\nm\u00e9todo de procesamiento\u2026 Regalar un caf\u00e9 de una regi\u00f3n espec\u00edfica permite a la\npersona viajar a esa cultura, tradici\u00f3n y forma de hacer a trav\u00e9s de su taza.<\/p>\n\n\n\n<p>4. <strong>Personalizaci\u00f3n seg\u00fan gustos y m\u00e9todos de preparaci\u00f3n<\/strong>: Si conoces los gustos del destinatario, puedes elegir un caf\u00e9 con el perfil de sabor que m\u00e1s le guste o que sea ideal para su m\u00e9todo de preparaci\u00f3n favorito.<\/p>\n\n\n\n<p>5.\n<strong>Sostenibilidad y comercio justo<\/strong>:\nMuchos <strong>caf\u00e9s de especialidad<\/strong>\nprovienen de cultivos sostenibles y pr\u00e1cticas de comercio justo, lo que hace\nque el regalo no solo sea delicioso, sino tambi\u00e9n \u00e9tico y responsable con el\nmedio ambiente y los productores locales.<\/p>\n\n\n\n<p>Adem\u00e1s, la presentaci\u00f3n de los <strong>caf\u00e9s especiales<\/strong> suele ser muy\natractiva con el fin de responder a esa experiencia <em>premium<\/em>. Suelen venir en empaques bien dise\u00f1ados, con informaci\u00f3n\ndetallada sobre su origen y notas de cata, lo que a\u00f1ade un<strong> valor est\u00e9tico y una sensaci\u00f3n de exclusividad <\/strong>al regalo.<\/p>\n\n\n\n<figure class=\"wp-block-image size-large\"><img loading=\"lazy\" decoding=\"async\" width=\"1024\" height=\"768\" src=\"http:\/\/cafesforondablog.local\/wp-content\/uploads\/2025\/03\/cafe-especialidad_3-1024x768.jpg\" alt=\"\" class=\"wp-image-716\" srcset=\"https:\/\/www.cafesforonda.com\/blog\/wp-content\/uploads\/2025\/03\/cafe-especialidad_3-1024x768.jpg 1024w, https:\/\/www.cafesforonda.com\/blog\/wp-content\/uploads\/2025\/03\/cafe-especialidad_3-300x225.jpg 300w, https:\/\/www.cafesforonda.com\/blog\/wp-content\/uploads\/2025\/03\/cafe-especialidad_3-768x576.jpg 768w, https:\/\/www.cafesforonda.com\/blog\/wp-content\/uploads\/2025\/03\/cafe-especialidad_3.jpg 1200w\" sizes=\"auto, (max-width: 1024px) 100vw, 1024px\" \/><\/figure>\n\n\n\n<h2 class=\"wp-block-heading has-text-color\" style=\"color:#c89210\">Regalar caf\u00e9 de especialidad es m\u00e1s que un detalle<\/h2>\n\n\n\n<p>Regalar <strong>caf\u00e9 de especialidad<\/strong> es ofrecer una experiencia sensorial, cultural y personalizada. Entre otras razones porque <strong>los caf\u00e9s de especialidad<\/strong> son aquellos que han obtenido <strong>una puntuaci\u00f3n de 80 o m\u00e1s en una escala de 100 <\/strong>otorgada por catadores profesionales. Es decir, estos caf\u00e9s suman a un sabor excepcional (fruto de granos de caf\u00e9 de alta calidad y condiciones \u00f3ptimas de cultivo y tueste) <strong>una amplia gama de aromas y sabores<\/strong>.<\/p>\n\n\n\n<p>En <strong>Caf\u00e9s Foronda<\/strong> te ofrecemos hasta cuatro alternativas en <a href=\"https:\/\/cafesforonda.com\/cafes-de-especialidad\"><strong>caf\u00e9s de especialidad<\/strong><\/a>, para una experiencia de caf\u00e9 m\u00e1s refinada:<\/p>\n\n\n\n<p><a href=\"https:\/\/cafesforonda.com\/cafes-de-especialidad\"><strong>Brasil Reserve<\/strong><\/a><\/p>\n\n\n\n<p>Sabor complejo, acido y fresco, con\nnotas a caramelo y chocolate negro, y fermentado en cereza durante 72 horas\nantes de su secado al sol en patios de cemento. <\/p>\n\n\n\n<p>Este lote procedente <strong>de la regi\u00f3n de Cerrado, en Brasil<\/strong>,\nreconocida en 2013 como Denominaci\u00f3n de Origen, ofrece tantas sutilezas que el\nresultado del sabor es tan \u00fanico como excepcional. <a href=\"https:\/\/www.fazendaparadisocafe.com.br\/\" target=\"_blank\" rel=\"noopener\">La\nfinca donde se produce<\/a>, con una\nextensi\u00f3n de 170 hect\u00e1reas, pertenece a Amarildo Jos\u00e9 Borges, que comenz\u00f3 con\nsu labor en 1985.<\/p>\n\n\n\n<p><a href=\"https:\/\/cafesforonda.com\/cafes-de-especialidad\"><strong>Guatemala Aldea Santa Avelina<\/strong><\/a><\/p>\n\n\n\n<p>La cosecha, la recolecci\u00f3n y la selecci\u00f3n de los granos de caf\u00e9 son realizados de manera minuciosa y artesanal por los miembros de las 1<strong>4 familias productoras que intervienen en su obtenci\u00f3n<\/strong>.<\/p>\n\n\n\n<p>Este caf\u00e9 org\u00e1nico, cuyo despulpado\nse lleva a cabo con pulpero ecol\u00f3gico y se lava con agua de nacimiento en la\npropia finca, mantiene una caracter\u00edstica fragancia frutal que junto al\ncaramelo y suave chocolate denota dulzura&nbsp;\ny equilibrio. Cada taza de este caf\u00e9 es <strong>una taza de tradici\u00f3n cafetera guatemalteca<\/strong>.<\/p>\n\n\n\n<p><a href=\"https:\/\/cafesforonda.com\/cafes-de-especialidad\/colombia-gaitania-x273q-sca-8575\"><strong>Colombia\nGaitania<\/strong><\/a><strong><\/strong><\/p>\n\n\n\n<p>Se trata de un caf\u00e9 org\u00e1nico,\nelaborado por <a href=\"https:\/\/colombia.unmissions.org\/hace-28-a%C3%B1os-ind%C3%ADgenas-del-cabildo-nasa-wesk-lograron-un-acuerdo-de-paz-que-sigue-dando-frutos-hoy\" target=\"_blank\" rel=\"noopener\">la comunidad ind\u00edgena Nasa Wesx<\/a> en el municipio de Planadas en Tolima, que\nconstituye <strong>un s\u00edmbolo de pacificaci\u00f3n,\nde producci\u00f3n sostenible y de preservaci\u00f3n del medioambiente<\/strong> en Colombia. <\/p>\n\n\n\n<p>Nutrido por suelos ricos en cenizas\nvolc\u00e1nicas, dicho caf\u00e9 presenta notas florales y de c\u00edtricos, melocot\u00f3n y\ncaramelo; un toque delicado y complejo que habla de un territorio \u00fanico. El\ncaf\u00e9 es lavado y secado en camas elevadas hasta alcanzar <strong>niveles perfectos de humedad<\/strong>.<\/p>\n\n\n\n<p><a href=\"https:\/\/cafesforonda.com\/cafes-de-especialidad\/duplicado-brasil-reserve-x273q-sca-8575\"><strong>E<\/strong><\/a><strong><a href=\"https:\/\/cafesforonda.com\/cafes-de-especialidad\/etiopia-sidamo-korante\">tiop\u00eda Sidamo Korate<\/a><\/strong><\/p>\n\n\n\n<p>Fragancia enzim\u00e1tica floral, notas de flor, chocolate y nuez, especiado y frutal\u2026 Este es un caf\u00e9 dulce, con buen cuerpo y acidez jugosa. Un caf\u00e9 et\u00edope que ha sabido desarrollar <strong>un s\u00f3lido sistema de inspecci\u00f3n y gesti\u00f3n de calidad<\/strong>, y en el cual la exportadora <a href=\"https:\/\/www.smsplcethiopia.com\/\" target=\"_blank\" rel=\"noopener\">SMS PLC Ethiopia<\/a> es un agente clave.<\/p>\n\n\n\n<p>Esta pretende aumentar la comunidad\nproductora para hacer de Etiop\u00eda un pa\u00eds l\u00edder en exportaci\u00f3n mundial. La\ncalidad de su caf\u00e9 logr\u00f3 el reconocimiento nacional en el a\u00f1o 2007.<\/p>\n\n\n\n<p>Estos son nuestros cuatro <strong>caf\u00e9s de especialidad<\/strong>, llamados a transportarte a cuatro <strong>destinos muy<br>diversos donde<\/strong> <strong>el caf\u00e9 es tradici\u00f3n, cultura y futuro<\/strong>.<\/p>\n","protected":false},"excerpt":{"rendered":"<p>Regalar caf\u00e9s de especialidad es regalar experiencias \u00fanicas. Ahora que las vivencias exclusivas est\u00e1n mejor valoradas que nunca, un caf\u00e9 \u00fanico y singular representa una excelente opci\u00f3n para que las personas amantes del caf\u00e9 disfruten de una experiencia sensorial&nbsp; diferente y un toque personalizado. Cinco razones por las que un caf\u00e9 de especialidad es un [&hellip;]<\/p>\n","protected":false},"author":1,"featured_media":715,"comment_status":"closed","ping_status":"open","sticky":false,"template":"","format":"standard","meta":{"footnotes":""},"categories":[2],"tags":[],"class_list":["post-424","post","type-post","status-publish","format-standard","has-post-thumbnail","hentry","category-escuela-de-cafe"],"_links":{"self":[{"href":"https:\/\/www.cafesforonda.com\/blog\/wp-json\/wp\/v2\/posts\/424","targetHints":{"allow":["GET"]}}],"collection":[{"href":"https:\/\/www.cafesforonda.com\/blog\/wp-json\/wp\/v2\/posts"}],"about":[{"href":"https:\/\/www.cafesforonda.com\/blog\/wp-json\/wp\/v2\/types\/post"}],"author":[{"embeddable":true,"href":"https:\/\/www.cafesforonda.com\/blog\/wp-json\/wp\/v2\/users\/1"}],"replies":[{"embeddable":true,"href":"https:\/\/www.cafesforonda.com\/blog\/wp-json\/wp\/v2\/comments?post=424"}],"version-history":[{"count":3,"href":"https:\/\/www.cafesforonda.com\/blog\/wp-json\/wp\/v2\/posts\/424\/revisions"}],"predecessor-version":[{"id":856,"href":"https:\/\/www.cafesforonda.com\/blog\/wp-json\/wp\/v2\/posts\/424\/revisions\/856"}],"wp:featuredmedia":[{"embeddable":true,"href":"https:\/\/www.cafesforonda.com\/blog\/wp-json\/wp\/v2\/media\/715"}],"wp:attachment":[{"href":"https:\/\/www.cafesforonda.com\/blog\/wp-json\/wp\/v2\/media?parent=424"}],"wp:term":[{"taxonomy":"category","embeddable":true,"href":"https:\/\/www.cafesforonda.com\/blog\/wp-json\/wp\/v2\/categories?post=424"},{"taxonomy":"post_tag","embeddable":true,"href":"https:\/\/www.cafesforonda.com\/blog\/wp-json\/wp\/v2\/tags?post=424"}],"curies":[{"name":"wp","href":"https:\/\/api.w.org\/{rel}","templated":true}]}}