{"id":410,"date":"2024-12-05T08:32:11","date_gmt":"2024-12-05T08:32:11","guid":{"rendered":"https:\/\/cafesforondablogold.local\/?p=410"},"modified":"2025-06-19T21:22:56","modified_gmt":"2025-06-19T19:22:56","slug":"cual-es-el-mejor-cafe-en-grano","status":"publish","type":"post","link":"https:\/\/www.cafesforonda.com\/blog\/cual-es-el-mejor-cafe-en-grano\/","title":{"rendered":"Cu\u00e1l es el mejor caf\u00e9 en grano"},"content":{"rendered":"\n<p>No es extra\u00f1o que a una persona experta sobre caf\u00e9 le pregunten <strong>cu\u00e1l es el mejor caf\u00e9 en grano <\/strong>del mundo. Sin embargo, esa respuesta est\u00e1 supeditada a m\u00faltiples condicionantes, muchos de ellos subjetivos. As\u00ed que, como siempre, la elecci\u00f3n depende del gusto.<\/p>\n\n\n\n<p>Por ejemplo,\nlas preferencias individuales basadas en el aroma van a ofrecer conclusiones\ndistintas que aquellas en las que la sostenibilidad tiene un gran peso. As\u00ed,\nlos caf\u00e9s ecol\u00f3gicos podr\u00edan estar mejor valorados teniendo en cuenta este\n\u00faltimo factor. <\/p>\n\n\n\n<p>A\u00fan con\ntodo, existen caf\u00e9s en grano especialmente valorados. Son aquellos que reciben\npremios de grupos expertos o que los y las consumidoras perciben como de mayor\ncalidad por cierto tipo de propiedades. Son, en definitiva, aquellos que nos\nrecomendar\u00eda un o una profesional cuando le pregunt\u00e1semos <strong>cu\u00e1l es el mejor caf\u00e9 en grano<\/strong>. <\/p>\n\n\n\n<h2 class=\"wp-block-heading has-text-color\" style=\"color:#c89210\"><strong>Caf\u00e9s en grano especialmente valorados<\/strong><\/h2>\n\n\n\n<p>En Caf\u00e9s Foronda, por ejemplo, se puede comprar <a href=\"https:\/\/cafesforonda.com\/comprar-cafe-natural\"><strong>varios de los mejores caf\u00e9s naturales online del mercado<\/strong><\/a>. Nos referimos a <strong>caf\u00e9s en grano premiados internacionalmente <\/strong>por su sabor, su equilibrio en taza, su aroma excepcional\u2026 En definitiva, <strong>caf\u00e9s de calidad <\/strong>con una gran variedad de or\u00edgenes y tipos de tueste que puedes seleccionar en funci\u00f3n de tus gustos.<\/p>\n\n\n\n<h3 class=\"wp-block-heading has-medium-brown-color has-text-color\">\u00bfQuieres <strong>el mejor caf\u00e9 org\u00e1nico<\/strong>? \u00bfBuscas <strong>el mejor caf\u00e9 de cafetera<\/strong>? <strong>Qu\u00e9date con nuestra selecci\u00f3n.<\/strong><\/h3>\n\n\n\n<p>Hoy destacamos, por ejemplo, nuestro <a href=\"https:\/\/cafesforonda.com\/blend-de-arabicas-100\"><strong>Blend de Ar\u00e1bicas 100 %<\/strong><\/a>, hecho con mezclas de distintos tipos de caf\u00e9, todos ellos de la variedad ar\u00e1bica procedentes de Brasil Cerrado de Minas, Colombia Excelso y Costa Rica Monte Carmela del valle de Orosi. Un caf\u00e9 suave para el paladar, muy arom\u00e1tico, digestivo y con una menor cantidad de cafe\u00edna que otros tipos de caf\u00e9s, que adem\u00e1s fue <strong>galardonado con dos estrellas de oro en el Superior Taste Award <\/strong>en el a\u00f1o 2019, 2022 y 2024, con <strong>la Medalla de Oro en la International Coffee Tasting<\/strong> de 2018 y 2020 y Medalla de oro en Monde Selection en 2020 y de plata en 2022.<\/p>\n\n\n\n<p>O el <a href=\"https:\/\/cafesforonda.com\/blend-tueste-natural\"><strong>Blend Tueste Natural de Foronda<\/strong><\/a>, compuesto por combinaciones de caf\u00e9s ar\u00e1bicas procedentes de Brasil Cerrado, Colombia excelso, Honduras SHG y caf\u00e9 Robusta lavado. El caf\u00e9 ar\u00e1bica proporciona a esta mezcla el aroma y el sabor inconfundible del buen caf\u00e9, que se suma al toque del caf\u00e9 robusta, de mayor cuerpo.<\/p>\n\n\n\n<p>Y <a href=\"https:\/\/cafesforonda.com\/costa-rica-montecarmela-arabica\"><strong>Costa Rica Montecarmela ar\u00e1bica<\/strong><\/a>, un caf\u00e9 es 100 % ar\u00e1bica que procede del Monte Carmela Estate, en el Parque Nacional de Topanti, Costa Rica SHB, y con dos variedades de caf\u00e9 ar\u00e1bica: el Caturra y el Catuai, este \u00faltimo de acidez c\u00edtrica brillante y sabores a miel y naranja. El Caf\u00e9 Costa Rica Montecarmela ha sido<strong> galardonado con 3 estrellas de oro en el Superior Taste Award<\/strong> del a\u00f1o 2019, 2022 y 2024, Crystal Taste Award en 2021, y en el Monde Selection medalla de oro en 2020 y 2022.<\/p>\n\n\n\n<h2 class=\"wp-block-heading has-text-color\" style=\"color:#c89210\"><strong>Caf\u00e9s en grano famosos en el mundo<\/strong><\/h2>\n\n\n\n<p>El Caf\u00e9 Jamaica Blue Mountain, por ejemplo, est\u00e1 considerado como <strong>el mejor caf\u00e9 en grano del mundo<\/strong> para muchas personas. <br>De producci\u00f3n muy reducida, es dif\u00edcil disfrutar de este caf\u00e9 fuera de los circuitos gourmet. <br>Se trata de un caf\u00e9 extremadamente suave, de escaso amargor y muy baja proporci\u00f3n de cafe\u00edna, con notas de chocolate y frutas.<br>Su nombre proviene del lugar donde se cultiva, en las Monta\u00f1as Azules de Jamaica.<br>Pero no es el \u00fanico caf\u00e9 que nos pueden recomendar si preguntamos <strong>cu\u00e1l es el mejor caf\u00e9 en grano<\/strong> ahora mismo.<\/p>\n\n\n\n<h3 class=\"wp-block-heading has-medium-brown-color has-text-color\">Otros <strong>caf\u00e9s en grano a recordar<\/strong> son:<\/h3>\n\n\n\n<p><strong>Kopi Luwak o caf\u00e9 de civeta<\/strong>, producido en Indonesia de una forma muy\npeculiar, pues se recolectan los granos de las heces de las civetas (un mam\u00edfero peque\u00f1o nativo\nde bosques tropicales en Asia y \u00c1frica), que los han consumido previamente. Hoy\nen d\u00eda es uno de los caf\u00e9s m\u00e1s caros del mundo.<\/p>\n\n\n\n<p><strong>Hacienda La Esmeralda<\/strong> (Panam\u00e1): Su reputaci\u00f3n es indiscutible.\nEste <strong>caf\u00e9 Geisha<\/strong> es altamente\napreciado por sus sabores florales y afrutados, y ha ganado m\u00faltiples premios\nen competiciones internacionales. No en vano, sus microlotes han alcanzado precios r\u00e9cord en\nm\u00faltiples subastas.<\/p>\n\n\n\n<p>La variedad Geisha tiene sus ra\u00edces en los bosques de caf\u00e9 de\nEtiop\u00eda, espec\u00edficamente en la regi\u00f3n de Geisha, y fue redescubierta en Panam\u00e1 en la d\u00e9cada de 1960. Desde\nentonces, se ha hecho un hueco en la c\u00faspide de la comunidad cafetera\ninternacional, especialmente por la labor de productores como Hacienda La\nEsmeralda, que trabaja esta variedad desde 2004. Y es que, los granos de Geisha\nson conocidos por sus fragancias intensas, con notas florales prominentes y\nsabores a frutas como la mandarina y el melocot\u00f3n.<\/p>\n\n\n\n<h2 class=\"wp-block-heading has-text-color\" style=\"color:#c89210\"><strong>Variedades en grano para amantes del caf\u00e9<\/strong><\/h2>\n\n\n\n<p>A los caf\u00e9s\nen grano antes mencionados podemos sumar muchos otros. Algunos ejemplos son:<\/p>\n\n\n\n<ul class=\"wp-block-list\">\n<li>El <strong>Ethiopian Yirgacheffe<\/strong>, original de Etiop\u00eda y conocido por sus notas florales y c\u00edtricas. Es uno de los caf\u00e9s m\u00e1s arom\u00e1ticos del mundo.<\/li>\n\n\n\n<li><strong>El Hawaiian Kona<\/strong>: Cultivado en las laderas de los volcanes de Haw\u00e1i, en un suelo muy f\u00e9rtil, y con un sabor suave y afrutado adem\u00e1s de notas de nuez y caramelo.<\/li>\n\n\n\n<li><strong>El Sumatra Mandheling<\/strong>: Este caf\u00e9 de Indonesia es conocido por su cuerpo completo y sus notas terrosas y de hierbas, que le dan un cariz salvaje y ex\u00f3tico. Es uno de los caf\u00e9s en grano favoritos para quienes prefieren un sabor fuerte y robusto.<\/li>\n\n\n\n<li>Y como no, <strong>el caf\u00e9 de Colombia<\/strong>, que atesora tambi\u00e9n una reputaci\u00f3n intachable por su alta calidad y suaves notas de caramelo y nuez.<\/li>\n<\/ul>\n\n\n\n<p>Cada uno de estos caf\u00e9s tiene caracter\u00edsticas \u00fanicas que los hacen destacar, y la elecci\u00f3n del mejor depender\u00e1 de tus preferencias personales en cuanto a sabor, aroma y cuerpo. Para los verdaderos aficionados al caf\u00e9 y para quienes <a href=\"https:\/\/cafesforonda.com\/\"><strong>nos dedicamos a su procesado y comercializaci\u00f3n<\/strong><\/a>, la exploraci\u00f3n y el descubrimiento de diferentes or\u00edgenes y m\u00e9todos de procesamiento es parte de la experiencia.<\/p>\n\n\n\n<p>No en vano,\ndesde <strong>Caf\u00e9s Foronda<\/strong> ofrecemos\n\u00fanicamente productos de gran calidad, capaces de mantener todo su aroma y sabor\nhasta el momento de su consumo, garantizando todas las cualidades de un\nfabuloso <strong>caf\u00e9 en grano<\/strong>.<\/p>\n","protected":false},"excerpt":{"rendered":"<p>No es extra\u00f1o que a una persona experta sobre caf\u00e9 le pregunten cu\u00e1l es el mejor caf\u00e9 en grano del mundo. Sin embargo, esa respuesta est\u00e1 supeditada a m\u00faltiples condicionantes, muchos de ellos subjetivos. As\u00ed que, como siempre, la elecci\u00f3n depende del gusto. Por ejemplo, las preferencias individuales basadas en el aroma van a ofrecer [&hellip;]<\/p>\n","protected":false},"author":1,"featured_media":713,"comment_status":"closed","ping_status":"open","sticky":false,"template":"","format":"standard","meta":{"footnotes":""},"categories":[2],"tags":[],"class_list":["post-410","post","type-post","status-publish","format-standard","has-post-thumbnail","hentry","category-escuela-de-cafe"],"_links":{"self":[{"href":"https:\/\/www.cafesforonda.com\/blog\/wp-json\/wp\/v2\/posts\/410","targetHints":{"allow":["GET"]}}],"collection":[{"href":"https:\/\/www.cafesforonda.com\/blog\/wp-json\/wp\/v2\/posts"}],"about":[{"href":"https:\/\/www.cafesforonda.com\/blog\/wp-json\/wp\/v2\/types\/post"}],"author":[{"embeddable":true,"href":"https:\/\/www.cafesforonda.com\/blog\/wp-json\/wp\/v2\/users\/1"}],"replies":[{"embeddable":true,"href":"https:\/\/www.cafesforonda.com\/blog\/wp-json\/wp\/v2\/comments?post=410"}],"version-history":[{"count":2,"href":"https:\/\/www.cafesforonda.com\/blog\/wp-json\/wp\/v2\/posts\/410\/revisions"}],"predecessor-version":[{"id":714,"href":"https:\/\/www.cafesforonda.com\/blog\/wp-json\/wp\/v2\/posts\/410\/revisions\/714"}],"wp:featuredmedia":[{"embeddable":true,"href":"https:\/\/www.cafesforonda.com\/blog\/wp-json\/wp\/v2\/media\/713"}],"wp:attachment":[{"href":"https:\/\/www.cafesforonda.com\/blog\/wp-json\/wp\/v2\/media?parent=410"}],"wp:term":[{"taxonomy":"category","embeddable":true,"href":"https:\/\/www.cafesforonda.com\/blog\/wp-json\/wp\/v2\/categories?post=410"},{"taxonomy":"post_tag","embeddable":true,"href":"https:\/\/www.cafesforonda.com\/blog\/wp-json\/wp\/v2\/tags?post=410"}],"curies":[{"name":"wp","href":"https:\/\/api.w.org\/{rel}","templated":true}]}}